{"id":118,"date":"2024-03-29T11:13:22","date_gmt":"2024-03-29T11:13:22","guid":{"rendered":"https:\/\/new.savo-karjala.fi\/?p=118"},"modified":"2026-01-26T16:51:14","modified_gmt":"2026-01-26T14:51:14","slug":"alueen-tiedotuksia","status":"publish","type":"post","link":"https:\/\/savo-karjala.fi\/index.php\/2024\/03\/29\/alueen-tiedotuksia\/","title":{"rendered":"Alueen tiedotuksia"},"content":{"rendered":"<p><img loading=\"lazy\" decoding=\"async\" class=\"alignnone wp-image-117 size-full\" src=\"https:\/\/savo-karjala.fi\/wp-content\/uploads\/2024\/03\/info-e1711707074434.jpg\" alt=\"\" width=\"100\" height=\"75\" \/><\/p>\n<p><strong>Kun haluat ilmoituksesi julkaistavaksi t\u00e4h\u00e4n aluesivulle tai ryhmien ilmoitussivulle, <a href=\"https:\/\/savo-karjala.fi\/index.php\/ilmoituslomake\/\">t\u00e4yt\u00e4 t\u00e4m\u00e4 lomake ja l\u00e4het\u00e4 se j\u00e4rjestelm\u00e4\u00e4n.<\/a><\/strong><\/p>\n<p>Arkistosta l\u00f6yd\u00e4t mm. aluekokous p\u00f6yt\u00e4kirjat sek\u00e4 muuta materiaalia. Saat tunnukset ryhm\u00e4si yhteys\/vastuuhenkil\u00f6lt\u00e4.<\/p>\n<hr \/>\n<p><a href=\"https:\/\/savo-karjala.fi\/Dokumentit\/2026_01_24_Savo-Karjalan%20vuosikouksen%20muistio.pdf\" target=\"_blank\" rel=\"noopener\">Vuosikokousmuistio 24.1.2026 Tuusniemi<\/a><\/p>\n<hr \/>\n<p><strong><span style=\"color: #0000ff;\">KUTSU<\/span><\/strong><br \/>\n<strong>\u00a0Savo-Karjalan AA-alueen vuosikokouskutsu. \u00a024.1.2026 Tuusniemen\u00a0 yhten\u00e4iskoulu<\/strong><br \/>\n<strong>Osoite: Keskitie 34-38, 71200 Tuusniemi<\/strong><br \/>\nOhjelma:<br \/>\n10:00 tulokahvi<br \/>\n10:30 aluetoimikunta<br \/>\n10:30 perinnepalaveri aiheena 5. perinne, \u201dsanomansaatto\u201d<br \/>\n10:30 Al-Anon palaveri<br \/>\n12:00 aluekokous<br \/>\n14:00 ruokailu<br \/>\n15:00 juhlapalaveri aiheena \u201dkiitollisuus\u201d (Avo)<br \/>\nVuokra, ruoka ja kahvi 20 \u20ac.<\/p>\n<p>Lis\u00e4tietoja: Timppa 0405067577. s\u00e4hk\u00f6posti: <a href=\"mailto:timoholopainen2@gmail.com\" target=\"_blank\" rel=\"noopener\">timoholopainen2(at)gmail.com<\/a><\/p>\n<p><a href=\"https:\/\/savo-karjala.fi\/Dokumentit\/Savo-Karjalan%20alueen%20vuosikokouksen%20esityslista.pdf\">Kokouksen esityslista l\u00f6ytyy t\u00e4\u00e4lt\u00e4!<\/a><\/p>\n<hr \/>\n<div dir=\"ltr\">\n<h2 dir=\"auto\"><span style=\"color: #3366ff;\"><strong>KUTSU<\/strong><\/span><\/h2>\n<h3 dir=\"auto\">AA:n Savo-Karjalan aluep\u00e4iv\u00e4 pidet\u00e4\u00e4n la 23.8.2025 Hirvij\u00e4rven leirikeskuksessa Hirvitie 50, 72100 Kuopio<\/h3>\n<h4 dir=\"auto\">Ohjelma:<br \/>\n10:00 tulokahvi<br \/>\n10:30 aluetoimikunta<br \/>\n10:30 perinnepalaveri<br \/>\n12:00 aluekokous<br \/>\n14:00 ruokailu<br \/>\n15:00 juhlapalaveri<br \/>\nRuoka ja kahvi 20 \u20ac.<br \/>\nErityisruokavaliosta pyydet\u00e4\u00e4n ilmoittamaan etuk\u00e4teen.<br \/>\nLis\u00e4tietoja: Teemu 044 2781417, <span style=\"color: #3366ff;\">kuopion.aa.ryhma(at)gmail.com<\/span><span style=\"color: #888888;\"><br \/>\n<\/span><\/h4>\n<p><a href=\"https:\/\/savo-karjala.fi\/Dokumentit\/Savo-Karjalan%20AA-alueen%20aluekokouksen%20esityslista%20Kuopio.pdf\" target=\"_blank\" rel=\"noopener\">Esityslista t\u00e4\u00e4lt\u00e4!<\/a><\/p>\n<\/div>\n<div dir=\"auto\">\n<hr \/>\n<p><strong>SAVO-KARJALAN AA-ALUEEN KOKOUSKUTSU JA P\u00c4IV\u00c4N OHJELMA<\/strong><\/p>\n<p>Tervetuloa Savo-Karjalan AA-alueen ryhmien vuosikokoukseen 15.2.2025<br \/>\nKuoringan leirikeskus, K\u00e4s\u00e4m\u00e4ntie 34, 83100 Liperi.<br \/>\n<strong>P\u00e4iv\u00e4n ohjelma:<\/strong><br \/>\n10.00 tulokahvit<br \/>\n10.30 aluetoimikunta, teemana kummitoiminta<br \/>\n10.30 AA-palaveri<br \/>\n12.00 Aluekokous<br \/>\n14.00 ruokailu<br \/>\n15.00\u00a0 p\u00e4iv\u00e4n yhteenveto ja vapaa sana<\/p>\n<p><a href=\"https:\/\/savo-karjala.fi\/Dokumentit\/Savo-Karjalan%20AA-alueen%20vuosikokouksen%20esityslista.pdf\" target=\"_blank\" rel=\"noopener\">Vuosikokouksen esityslista!<\/a><\/p>\n<p><strong>TERVETULOA!<\/strong><\/p>\n<\/div>\n","protected":false},"excerpt":{"rendered":"<p>Kun haluat ilmoituksesi julkaistavaksi t\u00e4h\u00e4n aluesivulle tai ryhmien ilmoitussivulle, t\u00e4yt\u00e4 t\u00e4m\u00e4 lomake ja l\u00e4het\u00e4 se j\u00e4rjestelm\u00e4\u00e4n. Arkistosta l\u00f6yd\u00e4t mm. aluekokous p\u00f6yt\u00e4kirjat sek\u00e4 muuta materiaalia. Saat tunnukset ryhm\u00e4si yhteys\/vastuuhenkil\u00f6lt\u00e4. Vuosikokousmuistio 24.1.2026 Tuusniemi KUTSU \u00a0Savo-Karjalan AA-alueen vuosikokouskutsu. \u00a024.1.2026 Tuusniemen\u00a0 yhten\u00e4iskoulu Osoite: Keskitie 34-38, 71200 Tuusniemi Ohjelma: 10:00 tulokahvi 10:30 aluetoimikunta 10:30 perinnepalaveri aiheena 5. perinne, \u201dsanomansaatto\u201d 10:30 [&hellip;]<\/p>\n","protected":false},"author":1,"featured_media":0,"comment_status":"open","ping_status":"open","sticky":false,"template":"","format":"standard","meta":{"_jetpack_memberships_contains_paid_content":false,"footnotes":""},"categories":[14],"tags":[],"class_list":["post-118","post","type-post","status-publish","format-standard","hentry","category-alueen-tiedotukset"],"jetpack_featured_media_url":"","jetpack_sharing_enabled":true,"_links":{"self":[{"href":"https:\/\/savo-karjala.fi\/index.php\/wp-json\/wp\/v2\/posts\/118","targetHints":{"allow":["GET"]}}],"collection":[{"href":"https:\/\/savo-karjala.fi\/index.php\/wp-json\/wp\/v2\/posts"}],"about":[{"href":"https:\/\/savo-karjala.fi\/index.php\/wp-json\/wp\/v2\/types\/post"}],"author":[{"embeddable":true,"href":"https:\/\/savo-karjala.fi\/index.php\/wp-json\/wp\/v2\/users\/1"}],"replies":[{"embeddable":true,"href":"https:\/\/savo-karjala.fi\/index.php\/wp-json\/wp\/v2\/comments?post=118"}],"version-history":[{"count":28,"href":"https:\/\/savo-karjala.fi\/index.php\/wp-json\/wp\/v2\/posts\/118\/revisions"}],"predecessor-version":[{"id":291,"href":"https:\/\/savo-karjala.fi\/index.php\/wp-json\/wp\/v2\/posts\/118\/revisions\/291"}],"wp:attachment":[{"href":"https:\/\/savo-karjala.fi\/index.php\/wp-json\/wp\/v2\/media?parent=118"}],"wp:term":[{"taxonomy":"category","embeddable":true,"href":"https:\/\/savo-karjala.fi\/index.php\/wp-json\/wp\/v2\/categories?post=118"},{"taxonomy":"post_tag","embeddable":true,"href":"https:\/\/savo-karjala.fi\/index.php\/wp-json\/wp\/v2\/tags?post=118"}],"curies":[{"name":"wp","href":"https:\/\/api.w.org\/{rel}","templated":true}]}}